{"id":6094,"date":"2026-04-01T09:12:16","date_gmt":"2026-04-01T12:12:16","guid":{"rendered":"https:\/\/www.semear-digital.cnptia.embrapa.br\/?p=6094"},"modified":"2026-04-01T09:13:20","modified_gmt":"2026-04-01T12:13:20","slug":"novos-projetos-da-embrapa-adaptam-a-metodologia-do-semear-digital-para-diferentes-territorios","status":"publish","type":"post","link":"https:\/\/www.semear-digital.cnptia.embrapa.br\/en\/noticia\/04\/2026\/novos-projetos-da-embrapa-adaptam-a-metodologia-do-semear-digital-para-diferentes-territorios\/","title":{"rendered":"Novos projetos da Embrapa adaptam a metodologia do Semear Digital para diferentes territ\u00f3rios"},"content":{"rendered":"<p>Dois novos projetos da Embrapa Agricultura Digital v\u00e3o adaptar a metodologia do <a href=\"https:\/\/www.semear-digital.cnptia.embrapa.br\/en\/\">Semear Digital<\/a> para alcan\u00e7ar diferentes territ\u00f3rios. O primeiro \u00e9 fruto da parceria firmada com o Minist\u00e9rio do Desenvolvimento Agr\u00e1rio e Agricultura Familiar (MDA), e deve acontecer em tr\u00eas assentamentos rurais do Estado de S\u00e3o Paulo. O outro \u00e9 parte do Programa de Retomada Econ\u00f4mica do Eixo Rural do <a href=\"https:\/\/www.gov.br\/planalto\/pt-br\/novo-acordo-do-rio-doce\/2412_ttac_repactuacao-mariana_sem-assinatura.pdf\">Novo Acordo do Rio Doce<\/a> para a repara\u00e7\u00e3o da regi\u00e3o ap\u00f3s o rompimento da barragem do Fund\u00e3o, em Mariana (MG), ocorrido em 2015. Para isso ser\u00e3o contempladas cinco regi\u00f5es da bacia hidrogr\u00e1fica, entre Minas Gerais e Esp\u00edrito Santo.<\/p>\n<p>Lan\u00e7ado em 2023, o projeto<a href=\"https:\/\/www.semear-digital.cnptia.embrapa.br\/en\/\"> Semear Digital<\/a> \u00e9 um Centro de Ci\u00eancia para o Desenvolvimento (CCD) financiado pela Funda\u00e7\u00e3o de Amparo \u00e0 Pesquisa do Estado de S\u00e3o Paulo (Fapesp) com foco na agricultura digital para aumentar a produtividade e competitividade de pequenos e m\u00e9dios produtores rurais. Para isso, os pesquisadores partem de um diagn\u00f3stico para alinhar as necessidades das cadeias produtivas locais com as demandas digitais dos produtores rurais e \u00e0s diferentes solu\u00e7\u00f5es tecnol\u00f3gicas desenvolvidas ou adaptadas para atender a essas demandas.<\/p>\n<p>As solu\u00e7\u00f5es digitais s\u00e3o apresentadas por meio de atividades de capacita\u00e7\u00e3o, pesquisa e inova\u00e7\u00e3o que ocorrem nos <a href=\"https:\/\/www.semear-digital.cnptia.embrapa.br\/en\/dats\/\">Distritos Agrotecnol\u00f3gicos (DATs)<\/a>, locais que funcionam como \u201claborat\u00f3rios vivos\u201d para a identifica\u00e7\u00e3o de gargalos de conectividade e de necessidades de capacita\u00e7\u00e3o, bem como para o desenvolvimento e valida\u00e7\u00e3o de tecnologias. At\u00e9 o momento, o projeto desenvolveu a\u00e7\u00f5es em 10 DATs distribu\u00eddos pelo Brasil e abrange cerca de 15 cadeias produtivas diferentes.<\/p>\n<p>Trata-se de uma metodologia que tem como centro a inclus\u00e3o digital e socioprodutiva desses produtores rurais e, por esse motivo, parte das demandas locais e do trabalho conjunto para enfrentar os desafios da transi\u00e7\u00e3o para a agricultura digital.<\/p>\n<p>\u201cMais do que prover o acesso \u00e0 internet e o desenvolvimento das tecnologias em si, o projeto se prop\u00f5e a criar redes de coopera\u00e7\u00e3o entre os produtores envolvidos, compreender os diferentes aspectos de cada cadeia produtiva e aprender a fundo a aplica\u00e7\u00e3o dessas tecnologias no dia a dia das propriedades rurais. Por esse motivo, o trabalho com associa\u00e7\u00f5es e cooperativas das cadeias produtivas escolhidas tamb\u00e9m \u00e9 central nesse processo, assim como a parceria com diferentes institui\u00e7\u00f5es locais, regionais e nacionais para o desenvolvimento e aplica\u00e7\u00e3o das solu\u00e7\u00f5es digitais\u201d, explica Luciana Alvim Romani, coordenadora de parcerias do centro Semear Digital, refor\u00e7ando que esses princ\u00edpios ser\u00e3o aplicados nos dois novos projetos que iniciam em 2026.<\/p>\n<p><b>Sobre os novos projetos<\/b><\/p>\n<p><a href=\"https:\/\/www.embrapa.br\/busca-de-noticias\/-\/noticia\/114148328\/parceria-entre-mda-e-embrapa-vai-levar-conectividade-e-tecnologias-digitais-a-assentamentos-rurais\">A partir da parceria com o MDA<\/a>, tr\u00eas novos DATs ser\u00e3o implantados nos munic\u00edpios de Iper\u00f3, Miracatu e Pereira Barreto, no interior paulista. Nestas localidades, ser\u00e3o instaladas antenas para ampliar a conectividade e o acesso \u00e0 internet, promovidas capacita\u00e7\u00f5es para letramento digital e selecionadas tecnologias que atendem a demandas das cadeias produtivas locais e da extens\u00e3o rural, como aplicativos m\u00f3veis, plataformas e servi\u00e7os digitais. A expans\u00e3o dos novos DATs em assentamentos rurais tamb\u00e9m abre a oportunidade para que outras institui\u00e7\u00f5es possam se conectar ao projeto e alavancar pesquisas para o desenvolvimento de novas solu\u00e7\u00f5es focadas na realidade desses territ\u00f3rios.<\/p>\n<p>O projeto <a href=\"https:\/\/www.embrapa.br\/agricultura-digital\/busca-de-noticias\/-\/noticia\/114115456\/agricultura-digital-apoia-retomada-economica-da-area-rural-na-bacia-do-rio-doce\">Rio Doce Semear Digital<\/a> j\u00e1 tem definido seus locais e cadeias produtivas de atua\u00e7\u00e3o. A \u00e1rea de abrang\u00eancia do projeto compreende territ\u00f3rios mineiros do Alto e M\u00e9dio Rio Doce: em Raul Soares e Caratinga; Vale do A\u00e7o e Regi\u00e3o de Governador Valadares. E no Baixo Rio Doce: Colatina, no Esp\u00edrito Santo. O foco ser\u00e1 nas cadeias produtivas do cacau, caf\u00e9, pecu\u00e1ria e hortifrutigranjeiros em busca de articula\u00e7\u00e3o, desenvolvimento e difus\u00e3o de solu\u00e7\u00f5es digitais adaptadas aos territ\u00f3rios rurais. O trabalho ser\u00e1 realizado por meio de Centros de Propaga\u00e7\u00e3o de Inova\u00e7\u00e3o Digital Inclusiva nos Territ\u00f3rios Rurais, ou CPIDIs, que \u00e9 onde ser\u00e1 operada a estrat\u00e9gia de capilaridade e atua\u00e7\u00e3o com mecanismos de expans\u00e3o baseados na assist\u00eancia t\u00e9cnica e extens\u00e3o rural.<\/p>\n<p>\u00c9rica Speglich<\/p>\n<p>Graziella Galinari (MTb 3863\/PR)<br \/>\nEmbrapa Agricultura Digital<\/p>\n<p>Val\u00e9ria Cristina Costa (MTb. 15533\/SP (com informa\u00e7\u00f5es Marci Hences\/Anater)<br \/>\nEmbrapa Agricultura Digital<\/p>\n<p><b>Contatos para a imprensa<\/b><br \/>\nagricultura-digital.imprensa@embrapa.br<\/p>","protected":false},"excerpt":{"rendered":"<p>Dois novos projetos da Embrapa Agricultura Digital v\u00e3o adaptar a metodologia do Semear Digital para alcan\u00e7ar diferentes territ\u00f3rios. O primeiro \u00e9 fruto da parceria firmada com o Minist\u00e9rio do Desenvolvimento Agr\u00e1rio e Agricultura Familiar (MDA), e deve acontecer em tr\u00eas assentamentos rurais do Estado de S\u00e3o Paulo. O outro \u00e9 parte do Programa de Retomada [&hellip;]<\/p>","protected":false},"author":10,"featured_media":6095,"comment_status":"open","ping_status":"open","sticky":false,"template":"","format":"standard","meta":{"footnotes":""},"categories":[144],"tags":[103,145],"class_list":["post-6094","post","type-post","status-publish","format-standard","has-post-thumbnail","hentry","category-agricultura-digital","tag-agricultura-digital","tag-semear-digital"],"acf":[],"_links":{"self":[{"href":"https:\/\/www.semear-digital.cnptia.embrapa.br\/en\/wp-json\/wp\/v2\/posts\/6094","targetHints":{"allow":["GET"]}}],"collection":[{"href":"https:\/\/www.semear-digital.cnptia.embrapa.br\/en\/wp-json\/wp\/v2\/posts"}],"about":[{"href":"https:\/\/www.semear-digital.cnptia.embrapa.br\/en\/wp-json\/wp\/v2\/types\/post"}],"author":[{"embeddable":true,"href":"https:\/\/www.semear-digital.cnptia.embrapa.br\/en\/wp-json\/wp\/v2\/users\/10"}],"replies":[{"embeddable":true,"href":"https:\/\/www.semear-digital.cnptia.embrapa.br\/en\/wp-json\/wp\/v2\/comments?post=6094"}],"version-history":[{"count":3,"href":"https:\/\/www.semear-digital.cnptia.embrapa.br\/en\/wp-json\/wp\/v2\/posts\/6094\/revisions"}],"predecessor-version":[{"id":6098,"href":"https:\/\/www.semear-digital.cnptia.embrapa.br\/en\/wp-json\/wp\/v2\/posts\/6094\/revisions\/6098"}],"wp:featuredmedia":[{"embeddable":true,"href":"https:\/\/www.semear-digital.cnptia.embrapa.br\/en\/wp-json\/wp\/v2\/media\/6095"}],"wp:attachment":[{"href":"https:\/\/www.semear-digital.cnptia.embrapa.br\/en\/wp-json\/wp\/v2\/media?parent=6094"}],"wp:term":[{"taxonomy":"category","embeddable":true,"href":"https:\/\/www.semear-digital.cnptia.embrapa.br\/en\/wp-json\/wp\/v2\/categories?post=6094"},{"taxonomy":"post_tag","embeddable":true,"href":"https:\/\/www.semear-digital.cnptia.embrapa.br\/en\/wp-json\/wp\/v2\/tags?post=6094"}],"curies":[{"name":"wp","href":"https:\/\/api.w.org\/{rel}","templated":true}]}}