{"id":6067,"date":"2026-03-26T15:44:24","date_gmt":"2026-03-26T18:44:24","guid":{"rendered":"https:\/\/www.semear-digital.cnptia.embrapa.br\/?p=6067"},"modified":"2026-03-26T15:44:24","modified_gmt":"2026-03-26T18:44:24","slug":"curso-discute-importancia-dos-polinizadores-para-a-producao-de-alimentos-e-a-conservacao-da-mata-atlantica","status":"publish","type":"post","link":"https:\/\/www.semear-digital.cnptia.embrapa.br\/en\/noticia\/03\/2026\/curso-discute-importancia-dos-polinizadores-para-a-producao-de-alimentos-e-a-conservacao-da-mata-atlantica\/","title":{"rendered":"Curso discute import\u00e2ncia dos polinizadores para a produ\u00e7\u00e3o de alimentos e a conserva\u00e7\u00e3o da Mata Atl\u00e2ntica"},"content":{"rendered":"<h3>Capacita\u00e7\u00e3o promovida pela Embrapa, C3 Ambiental e Prefeitura de Jacupiranga, reuniu agricultores familiares, extensionistas e especialistas para debater o papel das abelhas e outros polinizadores na produ\u00e7\u00e3o agr\u00edcola e na conserva\u00e7\u00e3o da biodiversidade<\/h3>\n<p>Agricultores familiares, extensionistas rurais e profissionais ligados ao meio ambiente participaram, em <strong>12 de mar\u00e7o<\/strong>, em Jacupiranga (SP), do curso \u201cPolinizadores, produ\u00e7\u00e3o de alimentos e pr\u00e1ticas agr\u00edcolas\u201d, realizado no Rancho Docena. A capacita\u00e7\u00e3o, que buscou aproximar o conhecimento cient\u00edfico sobre poliniza\u00e7\u00e3o da realidade das pequenas propriedades rurais da regi\u00e3o, foi coordenada pela pesquisadora da Embrapa Meio Ambiente Katia Braga.<\/p>\n<p>A iniciativa faz parte das a\u00e7\u00f5es do projeto \u201c<a href=\"http:\/\/www.semear-digital.cnptia.embrapa.br\/en\/\" target=\"_blank\" rel=\"noopener\">Produ\u00e7\u00e3o Rural Sustent\u00e1vel: Aliando Agricultura e Biodiversidade em Pequenas Propriedades Rurais na Mata Atl\u00e2ntica\u201d<\/a>, desenvolvido em coopera\u00e7\u00e3o entre a Embrapa Agricultura Digital, a Embrapa Meio Ambiente e a empresa C3 Ambiental, com parceria da Secretaria Municipal de Desenvolvimento Econ\u00f4mico, Agricultura, Turismo, Cultura, Esportes e Lazer de Jacupiranga. O projeto integra as iniciativas do Centro de Ci\u00eancia para o Desenvolvimento em Agricultura Digital Semear Digital, apoiado pela Funda\u00e7\u00e3o de Amparo \u00e0 Pesquisa do Estado de S\u00e3o Paulo.<\/p>\n<p>Segundo Katia Braga, apesar do grande volume de pesquisas sobre a poliniza\u00e7\u00e3o na agricultura, esse conhecimento ainda est\u00e1 distante do dia a dia da agricultura familiar e da forma\u00e7\u00e3o de extensionistas. \u201cO processo de poliniza\u00e7\u00e3o natural e a diversidade de polinizadores nativos, especialmente de abelhas, s\u00e3o fundamentais para a produ\u00e7\u00e3o de alimentos e para a manuten\u00e7\u00e3o da vegeta\u00e7\u00e3o nativa. No entanto, esse conhecimento cient\u00edfico ainda precisa ser amplamente incorporado \u00e0s pr\u00e1ticas agr\u00edcolas e \u00e0s a\u00e7\u00f5es de extens\u00e3o rural\u201d, afirma a pesquisadora.<\/p>\n<p>A organiza\u00e7\u00e3o tamb\u00e9m contou com a participa\u00e7\u00e3o das pesquisadoras da Embrapa Agricultura Digital Poliana Giachetto e D\u00e9bora Drucker, e com a colabora\u00e7\u00e3o da pesquisadora K\u00e1tia Nechet da Embrapa Meio Ambiente, respons\u00e1vel pelo Distrito Agrotecnol\u00f3gico (DAT) de Jacupiranga. Para D\u00e9bora Drucker, a proposta \u00e9 promover um espa\u00e7o de di\u00e1logo entre ci\u00eancia e campo. \u201cA ideia \u00e9 trabalhar o tema de forma participativa, ouvindo as demandas de agricultores familiares, extensionistas e gestores p\u00fablicos, para que o conhecimento cient\u00edfico possa contribuir de maneira pr\u00e1tica com a transi\u00e7\u00e3o para sistemas de produ\u00e7\u00e3o sustent\u00e1veis\u201d, explica.<\/p>\n<h3>Agricultura familiar tem papel central<\/h3>\n<p>Dados do Censo Agropecu\u00e1rio de 2017 do Instituto Brasileiro de Geografia e Estat\u00edstica mostram que a agricultura familiar representa 77% dos estabelecimentos agropecu\u00e1rios do Brasil e responde por 67% do pessoal ocupado na agropecu\u00e1ria. Esse segmento tem papel estrat\u00e9gico tanto na produ\u00e7\u00e3o de alimentos quanto na conserva\u00e7\u00e3o ambiental.<\/p>\n<p>Nesse contexto, os polinizadores desempenham uma fun\u00e7\u00e3o essencial. Estimativas indicam que cerca de 80% das plantas silvestres e cultivadas associadas \u00e0 produ\u00e7\u00e3o de alimentos dependem da poliniza\u00e7\u00e3o realizada por abelhas, grupo que re\u00fane o maior n\u00famero de esp\u00e9cies polinizadoras dessas culturas.<\/p>\n<p>Al\u00e9m de favorecer a produtividade agr\u00edcola, esses organismos s\u00e3o fundamentais para a manuten\u00e7\u00e3o dos ecossistemas naturais. Na regi\u00e3o tropical, os polinizadores participam de 94% da reprodu\u00e7\u00e3o das plantas com flores, contribuindo para a diversidade gen\u00e9tica e para o funcionamento da maioria dos ecossistemas terrestres.<\/p>\n<h3>Desafios para a conserva\u00e7\u00e3o dos polinizadores<\/h3>\n<p>Apesar da import\u00e2ncia ecol\u00f3gica e econ\u00f4mica desses animais, pesquisas realizadas em diferentes regi\u00f5es do mundo indicam que a intensifica\u00e7\u00e3o agr\u00edcola pode colocar em risco as comunidades de abelhas silvestres. Estudos conduzidos em nove culturas agr\u00edcolas e em quatro continentes mostram que mudan\u00e7as na paisagem agr\u00edcola, uso de pesticidas e simplifica\u00e7\u00e3o dos sistemas de cultivo podem reduzir a diversidade de polinizadores e comprometer a estabilidade dos servi\u00e7os de poliniza\u00e7\u00e3o.<\/p>\n<p>\u201cPor isso \u00e9 fundamental compreender como diferentes sistemas de produ\u00e7\u00e3o e as pr\u00e1ticas agr\u00edcolas podem impactar positiva ou negativamente esses organismos\u201d, ressalta Katia Braga. \u201cQuando favorecemos a diversidade de polinizadores, fortalecemos tamb\u00e9m a produtividade agr\u00edcola e a conserva\u00e7\u00e3o da biodiversidade.\u201d<\/p>\n<h3>Constru\u00e7\u00e3o participativa de conhecimento<\/h3>\n<p>A capacita\u00e7\u00e3o foi planejada a partir de demandas identificadas junto a agricultores familiares da regi\u00e3o de Jacupiranga, com apoio da prefeitura e da C3 Ambiental, empresa parceira do projeto. O objetivo \u00e9 ampliar o conhecimento sobre a diversidade de polinizadores, seu papel na produ\u00e7\u00e3o de alimentos e os impactos das pr\u00e1ticas agr\u00edcolas na conserva\u00e7\u00e3o desses organismos.<\/p>\n<p>Para D\u00e9bora Drucker, o di\u00e1logo com agricultores \u00e9 essencial diante dos desafios ambientais atuais. \u201cEstamos vivendo um contexto de crises clim\u00e1tica, h\u00eddrica e de biodiversidade. Trabalhar essas quest\u00f5es de forma participativa com agricultores, extensionistas e gestores p\u00fablicos \u00e9 fundamental para construir solu\u00e7\u00f5es que conciliem produ\u00e7\u00e3o agr\u00edcola e conserva\u00e7\u00e3o ambiental\u201d, afirma.<\/p>\n<h3>Programa\u00e7\u00e3o<\/h3>\n<p>O curso foi realizado ao longo de um dia, combinando palestras interativas, atividades pr\u00e1ticas e momentos de troca de experi\u00eancias entre pesquisadores e participantes.<\/p>\n<p>A programa\u00e7\u00e3o come\u00e7ou com a chegada e acolhida a todos, seguida pela apresenta\u00e7\u00e3o do projeto e dos participantes. A pesquisadora Katia Braga conduziu a atividade \u201cPercep\u00e7\u00f5es sobre polinizadores\u201d, que abriu a discuss\u00e3o sobre a import\u00e2ncia desses organismos. Na sequ\u00eancia, ocorreu a pr\u00e1tica \u201cComo ocorre a poliniza\u00e7\u00e3o?\u201d, tamb\u00e9m conduzida por Katia Braga.<\/p>\n<p>Os integrantes participaram da din\u00e2mica \u201cAs flores d\u00e3o pistas sobre seus polinizadores?\u201d, que explora as rela\u00e7\u00f5es entre caracter\u00edsticas florais e os organismos respons\u00e1veis pela poliniza\u00e7\u00e3o. Ap\u00f3s o intervalo para o almo\u00e7o, a programa\u00e7\u00e3o retornou com os temas \u201cReprodu\u00e7\u00e3o vegetal, polinizadores e cultivos agr\u00edcolas\u201d, \u201cAbelhas polinizadoras e produ\u00e7\u00e3o de alimentos\u201d e \u201cPr\u00e1ticas agr\u00edcolas e conserva\u00e7\u00e3o de polinizadores\u201d. A capacita\u00e7\u00e3o foi encerrada ap\u00f3s uma roda de conversa, com a partilha dos aprendizados e a avalia\u00e7\u00e3o das atividades desenvolvidas.<\/p>\n<p><strong>Cristina Tordin<\/strong> (MTb 28.499\/SP)<br \/>\nEmbrapa Meio Ambiente<\/p>\n<p><strong>Contatos para a imprensa<\/strong><br \/>\nmeio-ambiente.imprensa@embrapa.br<br \/>\nTelefone: 19 992626751<\/p>","protected":false},"excerpt":{"rendered":"<p>Capacita\u00e7\u00e3o promovida pela Embrapa, C3 Ambiental e Prefeitura de Jacupiranga, reuniu agricultores familiares, extensionistas e especialistas para debater o papel das abelhas e outros polinizadores na produ\u00e7\u00e3o agr\u00edcola e na conserva\u00e7\u00e3o da biodiversidade Agricultores familiares, extensionistas rurais e profissionais ligados ao meio ambiente participaram, em 12 de mar\u00e7o, em Jacupiranga (SP), do curso \u201cPolinizadores, produ\u00e7\u00e3o [&hellip;]<\/p>","protected":false},"author":11,"featured_media":6068,"comment_status":"open","ping_status":"open","sticky":false,"template":"","format":"standard","meta":{"footnotes":""},"categories":[80],"tags":[],"class_list":["post-6067","post","type-post","status-publish","format-standard","has-post-thumbnail","hentry","category-dat-jacupiranga"],"acf":[],"_links":{"self":[{"href":"https:\/\/www.semear-digital.cnptia.embrapa.br\/en\/wp-json\/wp\/v2\/posts\/6067","targetHints":{"allow":["GET"]}}],"collection":[{"href":"https:\/\/www.semear-digital.cnptia.embrapa.br\/en\/wp-json\/wp\/v2\/posts"}],"about":[{"href":"https:\/\/www.semear-digital.cnptia.embrapa.br\/en\/wp-json\/wp\/v2\/types\/post"}],"author":[{"embeddable":true,"href":"https:\/\/www.semear-digital.cnptia.embrapa.br\/en\/wp-json\/wp\/v2\/users\/11"}],"replies":[{"embeddable":true,"href":"https:\/\/www.semear-digital.cnptia.embrapa.br\/en\/wp-json\/wp\/v2\/comments?post=6067"}],"version-history":[{"count":1,"href":"https:\/\/www.semear-digital.cnptia.embrapa.br\/en\/wp-json\/wp\/v2\/posts\/6067\/revisions"}],"predecessor-version":[{"id":6069,"href":"https:\/\/www.semear-digital.cnptia.embrapa.br\/en\/wp-json\/wp\/v2\/posts\/6067\/revisions\/6069"}],"wp:featuredmedia":[{"embeddable":true,"href":"https:\/\/www.semear-digital.cnptia.embrapa.br\/en\/wp-json\/wp\/v2\/media\/6068"}],"wp:attachment":[{"href":"https:\/\/www.semear-digital.cnptia.embrapa.br\/en\/wp-json\/wp\/v2\/media?parent=6067"}],"wp:term":[{"taxonomy":"category","embeddable":true,"href":"https:\/\/www.semear-digital.cnptia.embrapa.br\/en\/wp-json\/wp\/v2\/categories?post=6067"},{"taxonomy":"post_tag","embeddable":true,"href":"https:\/\/www.semear-digital.cnptia.embrapa.br\/en\/wp-json\/wp\/v2\/tags?post=6067"}],"curies":[{"name":"wp","href":"https:\/\/api.w.org\/{rel}","templated":true}]}}