{"id":5998,"date":"2026-03-03T16:34:51","date_gmt":"2026-03-03T19:34:51","guid":{"rendered":"https:\/\/www.semear-digital.cnptia.embrapa.br\/?p=5998"},"modified":"2026-03-03T16:39:29","modified_gmt":"2026-03-03T19:39:29","slug":"2o-dia-de-campo-conectando-o-produtor-de-leite-a-tecnologia-acontece-em-lavras-no-dia-7-de-marco","status":"publish","type":"post","link":"https:\/\/www.semear-digital.cnptia.embrapa.br\/en\/noticia\/03\/2026\/2o-dia-de-campo-conectando-o-produtor-de-leite-a-tecnologia-acontece-em-lavras-no-dia-7-de-marco\/","title":{"rendered":"2\u00ba Dia de Campo &#8220;Conectando o Produtor de Leite \u00e0 Tecnologia&#8221; acontece em Lavras no dia 7 de mar\u00e7o"},"content":{"rendered":"<p>No pr\u00f3ximo dia 7 de mar\u00e7o, a Fazenda Palmital da Universidade Federal de Lavras (UFLA) ser\u00e1 ponto de encontro para a inova\u00e7\u00e3o no setor leiteiro. O 2\u00ba Dia de Campo, realizado pelo N\u00facleo de Estudos Agritech em conjunto com o UFLA-Leite, busca proporcionar em um dia de visita \u00e0 Fazenda a troca de conhecimentos em torno de assuntos como novas tecnologias de manejo, redu\u00e7\u00e3o de custos e solu\u00e7\u00f5es para o campo.<\/p>\n<p>O evento \u00e9 direcionado a pequenos e m\u00e9dios produtores de Inga\u00ed (MG) e regi\u00e3o, estudantes da UFLA (especialmente dos n\u00facleos Agritech e UFLA-Leite) e parceiros do projeto Semear Digital.<\/p>\n<p>Mais do que um evento te\u00f3rico, o Dia de Campo foca em solu\u00e7\u00f5es pr\u00e1ticas para o dia a dia da propriedade rural, abordando temas como redu\u00e7\u00e3o de custos, silagem e rota\u00e7\u00e3o de culturas, demonstra\u00e7\u00e3o de tecnologias como rob\u00f4s e aplicativos que facilitam a gest\u00e3o rural, cr\u00e9dito e acesso a melhores linhas de financiamento. O evento tamb\u00e9m vai proporcionar o contato direto com especialistas da UFLA, Senar, Sebrae e grandes empresas do setor.<\/p>\n<h3><strong>Programa\u00e7\u00e3o Completa:<\/strong><\/h3>\n<h4><strong>Manh\u00e3: Pr\u00e1ticas e Gest\u00e3o<\/strong><\/h4>\n<ul>\n<li>09:45 | Caf\u00e9 de boas-vindas e recep\u00e7\u00e3o.<\/li>\n<li>10:00 | Abertura oficial.<\/li>\n<li>10:10 | Pr\u00e1ticas na Fazenda I: Rota\u00e7\u00e3o de Culturas (Adenilson Paiva) e Silagem (Bianca Alves).<\/li>\n<li>10:50 | Espa\u00e7o Apoiadores: Atua\u00e7\u00f5es do Senar (ATeG e Conecta Rural) e Sebrae (ALI Rural).<\/li>\n<li>11:20 | Almo\u00e7o de Confraterniza\u00e7\u00e3o.<\/li>\n<\/ul>\n<h4><strong>Tarde: Tecnologia e Inova\u00e7\u00e3o<\/strong><\/h4>\n<ul>\n<li>12:00 | Momento Parceiros: Solu\u00e7\u00f5es de Cr\u00e9dito (Sicredi) e Inova\u00e7\u00e3o (Kera).<\/li>\n<li>12:20 | Pr\u00e1ticas na Fazenda II: Cria\u00e7\u00e3o de Bezerras (Lu\u00eds Felipe Barros) e Tecnologia no Campo (Rob\u00f4 e Apps com Davi William Silva).<\/li>\n<li>13:30 | Vitrine de Inova\u00e7\u00f5es: Pitch r\u00e1pido DeLaval e LF Agro.<\/li>\n<li>13:40 | Roda de Conversa: Debate final e perguntas com todos os palestrantes.<\/li>\n<li>14:00 | Encerramento e retorno para Inga\u00ed.<\/li>\n<\/ul>\n<h4><strong>Servi\u00e7o<\/strong><\/h4>\n<ul>\n<li><strong>Data<\/strong>: 7 de mar\u00e7o de 2026.<\/li>\n<li><strong>Hor\u00e1rio<\/strong>: Das 9h45 \u00e0s 14h.<\/li>\n<li><strong>Local<\/strong>: Fazenda Palmital \u2013 UFLA (Estrada para Ijaci-MG).<\/li>\n<li><strong>Transporte<\/strong>: A Prefeitura de Inga\u00ed disponibilizar\u00e1 \u00f4nibus para os produtores locais.<\/li>\n<li><strong>Certificados<\/strong>: Haver\u00e1 emiss\u00e3o de certificados de participa\u00e7\u00e3o pela UFLA<\/li>\n<\/ul>\n<p>\u26a0\ufe0f <strong>Aten\u00e7\u00e3o<\/strong>: O evento \u00e9 aberto e gratuito, mas a organiza\u00e7\u00e3o solicita a confirma\u00e7\u00e3o pr\u00e9via de presen\u00e7a (Via Whatsapp no telefone 35 9812-9128), com a informa\u00e7\u00e3o se haver\u00e1 participa\u00e7\u00e3o de familiares e se utilizar\u00e1 o transporte cedido pela prefeitura, para fins de organiza\u00e7\u00e3o do almo\u00e7o e log\u00edstica.<\/p>\n<p><strong>Realiza\u00e7\u00e3o<\/strong>: UFLA, Agritech e UFLA-Leite.<\/p>\n<p><strong>Apoio<\/strong>: Fapesp, Embrapa, Prefeitura de Inga\u00ed, Emater, Sindicato Lavras, Faemg- Senar, Sebrae, Rede do Campo Cantinho da Ro\u00e7a e Verde Campo.<\/p>\n<p><strong>Patroc\u00ednio<\/strong>: Kera, DeLaval, Sicredi e LF Agro.<\/p>\n<p><em>Texto:<\/em><br \/>\n<em>Athila Leandro de Oliveira (ponto focal do Semear Digital em Inga\u00ed-MG)<\/em><\/p>\n<p><em>Contatos para a imprensa:<\/em><br \/>\n<em>Graziella Galinari (MTb 3863\/PR)<\/em><br \/>\n<em>Embrapa Agricultura Digital<\/em><br \/>\n<em>agricultura-digital.imprensa@embrapa.br<\/em><\/p>\n<div id='gallery-1' class='gallery galleryid-5998 gallery-columns-2 gallery-size-thumbnail'><figure class='gallery-item'>\n\t\t\t<div class='gallery-icon portrait'>\n\t\t\t\t<a href='https:\/\/www.semear-digital.cnptia.embrapa.br\/wp-content\/uploads\/2026\/03\/flyer-dia-de-campo-ingai-2026-frente.jpg'><img decoding=\"async\" width=\"150\" height=\"150\" src=\"https:\/\/www.semear-digital.cnptia.embrapa.br\/wp-content\/uploads\/2026\/03\/flyer-dia-de-campo-ingai-2026-frente-150x150.jpg\" class=\"attachment-thumbnail size-thumbnail\" alt=\"Flyer dia de campo Inga\u00ed 2026 - frente\" \/><\/a>\n\t\t\t<\/div><\/figure><figure class='gallery-item'>\n\t\t\t<div class='gallery-icon portrait'>\n\t\t\t\t<a href='https:\/\/www.semear-digital.cnptia.embrapa.br\/wp-content\/uploads\/2026\/03\/flyer-dia-de-campo-ingai-2026-verso.jpg'><img decoding=\"async\" width=\"150\" height=\"150\" src=\"https:\/\/www.semear-digital.cnptia.embrapa.br\/wp-content\/uploads\/2026\/03\/flyer-dia-de-campo-ingai-2026-verso-150x150.jpg\" class=\"attachment-thumbnail size-thumbnail\" alt=\"Flyer dia de campo Inga\u00ed 2026 - verso\" \/><\/a>\n\t\t\t<\/div><\/figure>\n\t\t<\/div>","protected":false},"excerpt":{"rendered":"<p>No pr\u00f3ximo dia 7 de mar\u00e7o, a Fazenda Palmital da Universidade Federal de Lavras (UFLA) ser\u00e1 ponto de encontro para a inova\u00e7\u00e3o no setor leiteiro. O 2\u00ba Dia de Campo, realizado pelo N\u00facleo de Estudos Agritech em conjunto com o UFLA-Leite, busca proporcionar em um dia de visita \u00e0 Fazenda a troca de conhecimentos em [&hellip;]<\/p>","protected":false},"author":11,"featured_media":6006,"comment_status":"open","ping_status":"open","sticky":false,"template":"","format":"standard","meta":{"footnotes":""},"categories":[83],"tags":[],"class_list":["post-5998","post","type-post","status-publish","format-standard","has-post-thumbnail","hentry","category-dat-ingai"],"acf":[],"_links":{"self":[{"href":"https:\/\/www.semear-digital.cnptia.embrapa.br\/en\/wp-json\/wp\/v2\/posts\/5998","targetHints":{"allow":["GET"]}}],"collection":[{"href":"https:\/\/www.semear-digital.cnptia.embrapa.br\/en\/wp-json\/wp\/v2\/posts"}],"about":[{"href":"https:\/\/www.semear-digital.cnptia.embrapa.br\/en\/wp-json\/wp\/v2\/types\/post"}],"author":[{"embeddable":true,"href":"https:\/\/www.semear-digital.cnptia.embrapa.br\/en\/wp-json\/wp\/v2\/users\/11"}],"replies":[{"embeddable":true,"href":"https:\/\/www.semear-digital.cnptia.embrapa.br\/en\/wp-json\/wp\/v2\/comments?post=5998"}],"version-history":[{"count":4,"href":"https:\/\/www.semear-digital.cnptia.embrapa.br\/en\/wp-json\/wp\/v2\/posts\/5998\/revisions"}],"predecessor-version":[{"id":6005,"href":"https:\/\/www.semear-digital.cnptia.embrapa.br\/en\/wp-json\/wp\/v2\/posts\/5998\/revisions\/6005"}],"wp:featuredmedia":[{"embeddable":true,"href":"https:\/\/www.semear-digital.cnptia.embrapa.br\/en\/wp-json\/wp\/v2\/media\/6006"}],"wp:attachment":[{"href":"https:\/\/www.semear-digital.cnptia.embrapa.br\/en\/wp-json\/wp\/v2\/media?parent=5998"}],"wp:term":[{"taxonomy":"category","embeddable":true,"href":"https:\/\/www.semear-digital.cnptia.embrapa.br\/en\/wp-json\/wp\/v2\/categories?post=5998"},{"taxonomy":"post_tag","embeddable":true,"href":"https:\/\/www.semear-digital.cnptia.embrapa.br\/en\/wp-json\/wp\/v2\/tags?post=5998"}],"curies":[{"name":"wp","href":"https:\/\/api.w.org\/{rel}","templated":true}]}}