{"id":2046,"date":"2023-04-12T20:19:52","date_gmt":"2023-04-12T23:19:52","guid":{"rendered":"https:\/\/www.semear-digital.cnptia.embrapa.br\/?p=2046"},"modified":"2024-04-22T20:21:19","modified_gmt":"2024-04-22T23:21:19","slug":"centro-em-agricultura-digital-para-inclusao-de-pequenos-produtores-rurais-e-lancado","status":"publish","type":"post","link":"https:\/\/www.semear-digital.cnptia.embrapa.br\/en\/noticia\/04\/2023\/centro-em-agricultura-digital-para-inclusao-de-pequenos-produtores-rurais-e-lancado\/","title":{"rendered":"Centro em Agricultura Digital para inclus\u00e3o de pequenos produtores rurais \u00e9 lan\u00e7ado"},"content":{"rendered":"<div class=\"texto-noticia\">\n<p>\u201cA tecnologia n\u00e3o \u00e9 moda, \u00e9 exig\u00eancia do consumidor. Precisamos diminuir o \u2018gap\u2019 da tecnologia digital existente atualmente entre os grandes e os pequenos produtores\u201d. Dessa forma foi apresentado, pela pesquisadora Silvia Massruh\u00e1, o Centro de Ci\u00eancia para o Desenvolvimento em Agricultura Digital (CCD-AD\/SemeAr), lan\u00e7ado nesta ter\u00e7a-feira (11), em Campinas\/SP.<\/p>\n<p>Coordenadora do projeto, Silvia disse que o objetivo \u00e9 estimular a integra\u00e7\u00e3o de tecnologias digitais nos processos produtivos rurais de forma efetiva e simples, atender \u00e0s necessidades reais dos produtores, gerar impactos socioecon\u00f4micos no curto e m\u00e9dio prazo, al\u00e9m de oferecer capacita\u00e7\u00e3o tecnol\u00f3gica e o compartilhamento de conhecimento e de pr\u00e1ticas para acelerar a ado\u00e7\u00e3o de tecnologias digitais.<\/p>\n<p>O evento contou com as presen\u00e7as do governador\u00a0Tarc\u00edsio de Freitas,\u00a0de S\u00e3o Paulo,\u00a0dos secret\u00e1rios estaduais\u00a0Ant\u00f4nio Junqueira,\u00a0de Agricultura e Abastecimento, e\u00a0Vahan Agopyan,\u00a0de Ci\u00eancia, Tecnologia e Inova\u00e7\u00e3o,\u00a0do prefeito\u00a0D\u00e1rio Saadi,\u00a0de Campinas,\u00a0do reitor Ant\u00f4nio Jos\u00e9 de Almeida Meirelles,\u00a0da Unicamp,\u00a0do presidente da Fapesp, Marco Antonio Zago, al\u00e9m de outras autoridades.<\/p>\n<p><strong>Investimento e retorno<\/strong><\/p>\n<p>A Funda\u00e7\u00e3o de Amparo \u00e0 Pesquisa do Estado de S\u00e3o Paulo vai investir R$ 25 milh\u00f5es durante os pr\u00f3ximos cinco anos no projeto, no qual tamb\u00e9m participam institui\u00e7\u00f5es como o Centro de Pesquisa e Desenvolvimento em Telecomunica\u00e7\u00f5es (CPQD), a Escola Superior de Agricultura &#8220;Luiz de Queiroz&#8221; da Universidade de S\u00e3o Paulo (Esalq\/USP), o Instituto Agron\u00f4mico (IAC), o Instituto de Economia Agr\u00edcola (IEA), o Instituto Nacional de Telecomunica\u00e7\u00f5es (Inatel) e a Universidade Federal de Lavras (UFLA).<\/p>\n<p>\u201cNosso trabalho \u00e9 forjar e consolidar la\u00e7os entre m\u00faltiplos parceiros. Estudos recentes mostram que para cada R$ 1,00 investido em pesquisa, R$ 12,00 retornam para a sociedade\u201d, comentou Zago, ao ressaltar que a Ci\u00eancia e a Tecnologia determinam o desenvolvimento de um Pa\u00eds. \u201c\u00c9 preciso apoiar e incluir o pequeno e m\u00e9dio produtor rural com as informa\u00e7\u00f5es e o conhecimento dispon\u00edveis\u201d, salientou o secret\u00e1rio Vahan Agopyan.<\/p>\n<p><strong>Alcance nacional<\/strong><\/p>\n<p>A proposta engloba um sistema integrado de hardware, software e conectividade instalado em uma determinada regi\u00e3o, em geral limitada a um munic\u00edpio, para atender as demandas reais dos produtores rurais. Funciona como modelo ou vitrine para tecnologias e servi\u00e7os digitais que tenham foco na solu\u00e7\u00e3o de problemas do campo, e que possam ser adotados e acoplados aos processos produtivos de forma r\u00e1pida e simples.<\/p>\n<p>\u00c9 o chamado Distrito Agro Tecnol\u00f3gico (DAT), com dez\u00a0unidades, a serem instalados nas regi\u00f5es Norte, Nordeste, Centro-Oeste e Sul (um em cada regi\u00e3o) e outros seis na Regi\u00e3o Sudeste (cinco em S\u00e3o Paulo e um em Minas Gerais). Os primeiros pilotos est\u00e3o nos munic\u00edpios paulistas de Caconde, regi\u00e3o caracterizada pela presen\u00e7a de pequenos e m\u00e9dios cafeicultores, e de S\u00e3o Miguel Arcanjo, que tem a produ\u00e7\u00e3o de uva como atividade de destaque.<\/p>\n<p>\u201cEstive h\u00e1 duas semanas em Caconde e fiquei de queixo ca\u00eddo, o sinal de internet funciona muito bem, isso pode ajudar o produtor a diminuir seus custos\u201d, disse o secret\u00e1rio Estadual de Agricultura e Abastecimento, Ant\u00f4nio Junqueira. \u201cSou filho de pequeno produtor de caf\u00e9, \u00e9 fundamental levar a tecnologia e a transforma\u00e7\u00e3o digital para os pequenos e m\u00e9dios produtores\u201d, destacou o prefeito de Campinas, D\u00e1rio Saadi.<\/p>\n<p><strong>Semente em solo f\u00e9rtil<\/strong><\/p>\n<p>A partir dos DATs, ser\u00e3o identificados os gargalos de conectividade e mapeadas as solu\u00e7\u00f5es digitais demandadas pelos produtores rurais, bem como as institui\u00e7\u00f5es p\u00fablicas ou privadas, empresas e startups capazes de suprir as necessidades naquele arranjo local. \u201cA transforma\u00e7\u00e3o digital pode contribuir com aspectos econ\u00f4micos e ambientais\u201d, avaliou o reitor da Unicamp, Ant\u00f4nio Meirelles.<\/p>\n<p>\u201cN\u00f3s lan\u00e7amos uma semente para perpetuar e multiplicar num solo f\u00e9rtil, uma esp\u00e9cie de Vale do Sil\u00edcio (regi\u00e3o dos Estados Unidos conhecida pelas empresas de alta tecnologia) que \u00e9 o Estado de S\u00e3o Paulo, no corredor de inova\u00e7\u00e3o agropecu\u00e1ria. Com isso, ganha o agricultor, ganha o produto nacional, ganham as empresas e ganha o Pa\u00eds\u201d, afirmou\u00a0Stanley Oliveira,\u00a0chefe geral da Embrapa Agricultura Digital.<\/p>\n<p>Na avalia\u00e7\u00e3o do deputado federal\u00a0Arnaldo Jardim,\u00a0vice-presidente da Frente Parlamentar Agropecu\u00e1ria,\u00a0\u201cconseguimos avan\u00e7ar no conceito e na implanta\u00e7\u00e3o do HUB Tecnol\u00f3gico Paulista, integrando as Unidades da Embrapa ao Sistema de Pesquisa Agropecu\u00e1ria do Estado de S\u00e3o Paulo e \u00e0s institui\u00e7\u00f5es de ensino. O lan\u00e7amento deste Centro de Ci\u00eancia para Desenvolvimento em Agricultura Digital ter\u00e1 papel decisivo para essa integra\u00e7\u00e3o\u201d.<\/p>\n<p><strong>Prazos e defini\u00e7\u00f5es<\/strong><\/p>\n<p>No primeiro ano de implanta\u00e7\u00e3o do Centro o enfoque ser\u00e1 na sele\u00e7\u00e3o e defini\u00e7\u00e3o dos DATs, levantamento das demandas, estrutura\u00e7\u00e3o e organiza\u00e7\u00e3o das rela\u00e7\u00f5es, bem como a inclus\u00e3o de poss\u00edveis novos parceiros. Nos anos seguintes ser\u00e1 executado o plano de pesquisa de cada eixo, com apoio de bolsistas e startups que ser\u00e3o paulatinamente incorporadas por meio de chamadas organizadas em conjunto com o PIPE\/Fapesp (Pesquisa Inovativa em Pequenas Empresas).<\/p>\n<p>\u201cA Embrapa \u00e9 uma institui\u00e7\u00e3o not\u00e1vel\u201d, disse Tarc\u00edsio de Freitas. \u201cEra necess\u00e1rio trazer a conectividade e a agricultura digital para o pequeno produtor, ele precisa dessas ferramentas, pois ter\u00e1 um papel fundamental na provis\u00e3o da seguran\u00e7a alimentar. Com certeza, essa ser\u00e1 uma iniciativa bem-sucedida\u201d, finalizou o governador de S\u00e3o Paulo.<\/p>\n<\/div>\n<div class=\"clear\"><\/div>\n<div class=\"clear\"><\/div>\n<div class=\"unidade\">\n<p class=\"autor\"><span class=\"autor negrito\">Edilson Fragalle\u00a0<\/span><span class=\"codigo negrito\">(MTb 21.837\/SP)<\/span><br \/>\n<span class=\"unidade\">Embrapa Agricultura Digital<\/span><\/p>\n<p><span class=\"label\">Contatos para a imprensa<\/span><br \/>\n<span class=\"email\">agricultura-digital.imprensa@embrapa.br<\/span><\/p>\n<\/div>\n<div class=\"clear\"><\/div>","protected":false},"excerpt":{"rendered":"<p>\u201cA tecnologia n\u00e3o \u00e9 moda, \u00e9 exig\u00eancia do consumidor. Precisamos diminuir o \u2018gap\u2019 da tecnologia digital existente atualmente entre os grandes e os pequenos produtores\u201d. Dessa forma foi apresentado, pela pesquisadora Silvia Massruh\u00e1, o Centro de Ci\u00eancia para o Desenvolvimento em Agricultura Digital (CCD-AD\/SemeAr), lan\u00e7ado nesta ter\u00e7a-feira (11), em Campinas\/SP. Coordenadora do projeto, Silvia disse [&hellip;]<\/p>","protected":false},"author":1,"featured_media":2047,"comment_status":"open","ping_status":"open","sticky":false,"template":"","format":"standard","meta":{"footnotes":""},"categories":[66],"tags":[],"class_list":["post-2046","post","type-post","status-publish","format-standard","has-post-thumbnail","hentry","category-agricultura"],"acf":[],"_links":{"self":[{"href":"https:\/\/www.semear-digital.cnptia.embrapa.br\/en\/wp-json\/wp\/v2\/posts\/2046","targetHints":{"allow":["GET"]}}],"collection":[{"href":"https:\/\/www.semear-digital.cnptia.embrapa.br\/en\/wp-json\/wp\/v2\/posts"}],"about":[{"href":"https:\/\/www.semear-digital.cnptia.embrapa.br\/en\/wp-json\/wp\/v2\/types\/post"}],"author":[{"embeddable":true,"href":"https:\/\/www.semear-digital.cnptia.embrapa.br\/en\/wp-json\/wp\/v2\/users\/1"}],"replies":[{"embeddable":true,"href":"https:\/\/www.semear-digital.cnptia.embrapa.br\/en\/wp-json\/wp\/v2\/comments?post=2046"}],"version-history":[{"count":1,"href":"https:\/\/www.semear-digital.cnptia.embrapa.br\/en\/wp-json\/wp\/v2\/posts\/2046\/revisions"}],"predecessor-version":[{"id":2048,"href":"https:\/\/www.semear-digital.cnptia.embrapa.br\/en\/wp-json\/wp\/v2\/posts\/2046\/revisions\/2048"}],"wp:featuredmedia":[{"embeddable":true,"href":"https:\/\/www.semear-digital.cnptia.embrapa.br\/en\/wp-json\/wp\/v2\/media\/2047"}],"wp:attachment":[{"href":"https:\/\/www.semear-digital.cnptia.embrapa.br\/en\/wp-json\/wp\/v2\/media?parent=2046"}],"wp:term":[{"taxonomy":"category","embeddable":true,"href":"https:\/\/www.semear-digital.cnptia.embrapa.br\/en\/wp-json\/wp\/v2\/categories?post=2046"},{"taxonomy":"post_tag","embeddable":true,"href":"https:\/\/www.semear-digital.cnptia.embrapa.br\/en\/wp-json\/wp\/v2\/tags?post=2046"}],"curies":[{"name":"wp","href":"https:\/\/api.w.org\/{rel}","templated":true}]}}